{"id":14915,"date":"2025-06-10T04:00:00","date_gmt":"2025-06-10T02:00:00","guid":{"rendered":"https:\/\/www.iterates.be\/?p=14915"},"modified":"2026-02-03T17:23:47","modified_gmt":"2026-02-03T16:23:47","slug":"un-enjeu-cle-de-numerisation-pour-le-gouvernement-belge-en-2030","status":"publish","type":"post","link":"https:\/\/www.iterates.be\/fr\/un-enjeu-cle-de-numerisation-pour-le-gouvernement-belge-en-2030\/","title":{"rendered":"Num\u00e9risation du Gouvernement Belge : Enjeux pour 2030"},"content":{"rendered":"<div class=\"vgblk-rw-wrapper limit-wrapper\">\n<h2 class=\"wp-block-heading\"><strong>La num\u00e9risation au c\u0153ur des ambitions belges pour 2030<\/strong><\/h2>\n\n\n\n<p>En Belgique, la transformation num\u00e9rique est devenue une priorit\u00e9 incontournable pour moderniser l\u2019administration. Le gouvernement f\u00e9d\u00e9ral pr\u00e9voit des programmes ambitieux pour rendre les services publics plus accessibles aux citoyens.<br>D\u2019ici 2030, l\u2019objectif est de simplifier les d\u00e9marches administratives tout en respectant la vie priv\u00e9e. La digitalisation progressive du pays impacte tous les domaines, de la sant\u00e9 \u00e0 l\u2019\u00e9conomie.<br>Cette transition vise \u00e9galement \u00e0 prot\u00e9ger les donn\u00e9es des utilisateurs dans un cadre l\u00e9gal clair. La commission europ\u00e9enne soutient cette strat\u00e9gie pour connecter les communaut\u00e9s locales et renforcer la coh\u00e9sion sociale.<\/p>\n\n\n\n<p>Cependant, des blocages subsistent, notamment dans la culture organisationnelle des organismes publics.&nbsp;<br>Les politiques doivent \u00e9tablir une charte \u00e9thique pour garantir un usage responsable des nouvelles technologies. Les finances publiques sont fortement sollicit\u00e9es pour financer ces plans de modernisation. En r\u00e9sum\u00e9, la Belgique entre dans une phase critique o\u00f9 chaque d\u00e9cision peut transformer l\u2019\u00c9tat pour les 20 ans \u00e0 venir.<\/p>\n\n\n\n<figure class=\"wp-block-image size-large\"><img decoding=\"async\" src=\"https:\/\/www.iterates.be\/wp-content\/uploads\/2025\/07\/pexels-cottonbro-6334768_optimized.webp\" alt=\"Main d\u2019une personne utilisant un scanner pour num\u00e9riser un livre ouvert dans une biblioth\u00e8que.\" class=\"wp-image-14921\" \/><\/figure>\n\n\n\n<h2 class=\"wp-block-heading\"><strong>Les enjeux strat\u00e9giques de la transformation num\u00e9rique<\/strong><\/h2>\n\n\n\n<p>La num\u00e9risation repr\u00e9sente une r\u00e9ponse aux attentes des citoyens qui souhaitent des services plus rapides et efficaces. Le gouvernement belge doit g\u00e9rer cette transition tout en \u00e9vitant de cr\u00e9er de nouvelles in\u00e9galit\u00e9s sociales.<\/p>\n\n\n\n<p>Dans le domaine de la sant\u00e9, la digitalisation permet d\u00e9j\u00e0 un meilleur acc\u00e8s aux secours et aux soins. Les politiques publiques doivent aussi prot\u00e9ger les droits fondamentaux li\u00e9s \u00e0 l\u2019utilisation des donn\u00e9es. La communaut\u00e9 wallonne, comme le reste du pays, participe activement \u00e0 ces \u00e9volutions.<\/p>\n\n\n\n<p>L\u2019\u00c9tat doit d\u00e9finir des axes clairs pour structurer ses efforts et \u00e9viter les situations de blocage. Les organismes publics doivent former leurs agents pour qu\u2019ils s\u2019adaptent aux nouveaux outils num\u00e9riques. Les programmes f\u00e9d\u00e9raux incluent \u00e9galement des mesures pour s\u00e9curiser les infrastructures digitales.<br>La transition vers des services plus connect\u00e9s n\u00e9cessite de respecter la diversit\u00e9 culturelle des r\u00e9gions. Enfin, il est crucial d\u2019anticiper les cons\u00e9quences sociales de cette r\u00e9volution technologique.<\/p>\n\n\n\n<h2 class=\"wp-block-heading\"><strong>Objectifs et technologies pour un gouvernement digitalis\u00e9<\/strong><\/h2>\n\n\n\n<p>L\u2019un des objectifs principaux est de rendre les services publics plus accessibles et plus simples \u00e0 utiliser. La digitalisation progressive doit permettre de transformer les administrations en outils modernes au service du citoyen. Les plans gouvernementaux int\u00e8grent l\u2019intelligence artificielle pour automatiser certaines t\u00e2ches tout en gardant un contr\u00f4le humain.<\/p>\n\n\n\n<p>Dans le domaine des finances, des syst\u00e8mes num\u00e9riques visent \u00e0 optimiser la gestion des budgets publics. Le respect de la vie priv\u00e9e reste une condition fondamentale pour l\u2019acceptation de ces projets par la population. Les programmes incluent des formations pour d\u00e9velopper une culture digitale au sein des organismes \u00e9tatiques.<\/p>\n\n\n\n<p>Le gouvernement souhaite aussi collaborer avec des acteurs priv\u00e9s pour acc\u00e9l\u00e9rer cette transformation. Les politiques actuelles encouragent l\u2019innovation tout en mettant en place des politiques de protection rigoureuses. La Belgique se positionne comme un mod\u00e8le en Europe pour une transition num\u00e9rique inclusive et \u00e9thique. Cette ambition doit se concr\u00e9tiser d\u2019ici 2030 gr\u00e2ce \u00e0 une coop\u00e9ration entre toutes les parties prenantes.<\/p>\n\n\n\n<figure class=\"wp-block-image size-large\"><img decoding=\"async\" src=\"https:\/\/www.iterates.be\/wp-content\/uploads\/2025\/07\/pexels-rdne-6170569_optimized.webp\" alt=\"Femme concentr\u00e9e examinant des documents \u00e0 son bureau dans un bureau professionnel.\" class=\"wp-image-14922\" \/><\/figure>\n\n\n\n<h2 class=\"wp-block-heading\"><strong>D\u00e9fis \u00e0 relever et perspectives d\u2019avenir<\/strong><\/h2>\n\n\n\n<p>Les d\u00e9fis sont nombreux pour le gouvernement f\u00e9d\u00e9ral qui doit concilier innovation et protection des droits. La r\u00e9sistance au changement au sein de l\u2019administration reste un blocage important. La digitalisation n\u00e9cessite de revoir les chartes internes pour int\u00e9grer les nouvelles technologies tout en respectant les r\u00e8gles existantes.<\/p>\n\n\n\n<p>Dans le domaine social, il est essentiel d\u2019\u00e9viter une fracture num\u00e9rique entre les citoyens. Les politiques doivent garantir que chaque communaut\u00e9, qu\u2019elle soit urbaine ou rurale, puisse acc\u00e9der aux services digitaux. La s\u00e9curit\u00e9 des donn\u00e9es est une priorit\u00e9 absolue pour prot\u00e9ger les utilisateurs contre les cyberattaques.<\/p>\n\n\n\n<p>La commission europ\u00e9enne insiste sur la n\u00e9cessit\u00e9 d\u2019un cadre harmonis\u00e9 pour tous les \u00c9tats membres. Les finances publiques doivent \u00eatre g\u00e9r\u00e9es efficacement pour soutenir ces investissements sur le long terme. Les organismes publics doivent travailler en partenariat avec les acteurs locaux pour assurer une mise en \u0153uvre progressive.<\/p>\n\n\n\n<p>Cette transition repr\u00e9sente une opportunit\u00e9 unique de transformer la culture du travail dans l\u2019\u00c9tat. D\u2019ici 2030, la r\u00e9ussite d\u00e9pendra de la capacit\u00e9 \u00e0 adapter les programmes aux besoins r\u00e9els de la population.<\/p>\n\n\n\n<h2 class=\"wp-block-heading\"><strong>Conclusion : un tournant d\u00e9cisif pour la Belgique num\u00e9rique<\/strong><\/h2>\n\n\n\n<p>La Belgique est \u00e0 un tournant de son histoire o\u00f9 la digitalisation peut renforcer l\u2019efficacit\u00e9 de l\u2019administration. Les citoyens attendent des services publics modernes et accessibles, capables de r\u00e9pondre rapidement \u00e0 leurs besoins.<br>Le gouvernement f\u00e9d\u00e9ral a le devoir de mettre en place des solutions qui respectent les droits fondamentaux et la vie priv\u00e9e. La transition num\u00e9rique doit \u00eatre progressive pour \u00e9viter des cons\u00e9quences n\u00e9gatives sur le tissu social. Les politiques actuelles posent les bases d\u2019un \u00c9tat plus connect\u00e9 et plus r\u00e9silient face aux crises.<\/p>\n\n\n\n<p>Dans les 20 ans \u00e0 venir, ces choix auront un impact durable sur l\u2019\u00e9conomie et la culture nationale. Il est essentiel de prot\u00e9ger les donn\u00e9es et d\u2019adopter des chartes claires pour garantir la confiance des utilisateurs.<br>Les programmes en cours visent \u00e0 rendre la digitalisation inclusive et b\u00e9n\u00e9fique pour toutes les communaut\u00e9s. Si les axes d\u00e9finis sont respect\u00e9s, la Belgique pourra devenir un leader europ\u00e9en dans ce domaine. La r\u00e9ussite de ces plans d\u00e9pendra d\u2019une gouvernance forte et d\u2019un engagement collectif de la soci\u00e9t\u00e9 enti\u00e8re.<\/p>\n\n\n\n<p><strong><a href=\"https:\/\/cal.com\/rodolphebalay\/it-project-meeting-iterates\/\" title=\"\">D\u00e9couvrez d\u00e8s maintenant comment la Belgique se pr\u00e9pare \u00e0 transformer ses services publics pour 2030 et ce que cela signifie pour vous.<\/a><\/strong><\/p>\n\n\n<p style=\"text-align: center\"><a class=\"bouton-orange\" href=\"https:\/\/cal.com\/rodolphebalay\/it-project-meeting-iterates?duration=60\" rel=\"noopener noreferrer\"> Prendre rendez-vous<\/a><\/p>\n\n\n<p><\/p>\n<\/div><!-- .vgblk-rw-wrapper -->","protected":false},"excerpt":{"rendered":"<p>La num\u00e9risation au c\u0153ur des ambitions belges pour 2030 En Belgique, la transformation num\u00e9rique est devenue une priorit\u00e9 incontournable pour moderniser l\u2019administration. Le gouvernement f\u00e9d\u00e9ral pr\u00e9voit des programmes ambitieux pour rendre les services publics plus accessibles aux citoyens.D\u2019ici 2030, l\u2019objectif est de simplifier les d\u00e9marches administratives tout en respectant la vie priv\u00e9e. La digitalisation progressive&#8230;<\/p>\n","protected":false},"author":1,"featured_media":989215,"comment_status":"closed","ping_status":"closed","sticky":false,"template":"","format":"standard","meta":{"_acf_changed":false,"footnotes":""},"categories":[1056,1193,1077],"tags":[],"class_list":["post-14915","post","type-post","status-publish","format-standard","has-post-thumbnail","hentry","category-grow-a-business","category-digital-et-marketing","category-hyperautomatisation"],"acf":[],"aioseo_notices":[],"_links":{"self":[{"href":"https:\/\/www.iterates.be\/fr\/wp-json\/wp\/v2\/posts\/14915","targetHints":{"allow":["GET"]}}],"collection":[{"href":"https:\/\/www.iterates.be\/fr\/wp-json\/wp\/v2\/posts"}],"about":[{"href":"https:\/\/www.iterates.be\/fr\/wp-json\/wp\/v2\/types\/post"}],"author":[{"embeddable":true,"href":"https:\/\/www.iterates.be\/fr\/wp-json\/wp\/v2\/users\/1"}],"replies":[{"embeddable":true,"href":"https:\/\/www.iterates.be\/fr\/wp-json\/wp\/v2\/comments?post=14915"}],"version-history":[{"count":0,"href":"https:\/\/www.iterates.be\/fr\/wp-json\/wp\/v2\/posts\/14915\/revisions"}],"wp:featuredmedia":[{"embeddable":true,"href":"https:\/\/www.iterates.be\/fr\/wp-json\/wp\/v2\/media\/989215"}],"wp:attachment":[{"href":"https:\/\/www.iterates.be\/fr\/wp-json\/wp\/v2\/media?parent=14915"}],"wp:term":[{"taxonomy":"category","embeddable":true,"href":"https:\/\/www.iterates.be\/fr\/wp-json\/wp\/v2\/categories?post=14915"},{"taxonomy":"post_tag","embeddable":true,"href":"https:\/\/www.iterates.be\/fr\/wp-json\/wp\/v2\/tags?post=14915"}],"curies":[{"name":"wp","href":"https:\/\/api.w.org\/{rel}","templated":true}]}}