{"id":8200,"date":"2024-06-19T10:47:08","date_gmt":"2024-06-19T09:47:08","guid":{"rendered":"https:\/\/www.iterates.be\/?p=8200"},"modified":"2026-02-02T10:03:47","modified_gmt":"2026-02-02T09:03:47","slug":"les-grands-avantages-dun-employer-branding-bien-etabli","status":"publish","type":"post","link":"https:\/\/www.iterates.be\/fr\/les-grands-avantages-dun-employer-branding-bien-etabli\/","title":{"rendered":"Les Grands Avantages d\u2019un Employer Branding Bien \u00c9tabli"},"content":{"rendered":"<div class=\"vgblk-rw-wrapper limit-wrapper\">\n<p><span style=\"font-weight: 400\">Dans un monde des affaires en constante \u00e9volution, attirer et retenir les meilleurs talents est devenu une priorit\u00e9 essentielle pour les entreprises. L&#8217;image de marque de l&#8217;employeur est un outil puissant qui peut aider les entreprises \u00e0 atteindre cet objectif tout en am\u00e9liorant leur r\u00e9putation et en d\u00e9bloquant le succ\u00e8s. Ce blog se penche sur l&#8217;essence de l&#8217;Employer Branding, ses avantages, les \u00e9l\u00e9ments cl\u00e9s d&#8217;une marque employeur r\u00e9ussie. Et les \u00e9tapes \u00e0 suivre pour d\u00e9velopper une marque employeur forte. Notamment pour les PMEs qui doivent faire face \u00e0 la concurrence des grandes entreprises.<br><\/span><\/p>\n\n\n\n<figure class=\"wp-block-image size-large\"><img decoding=\"async\" src=\"https:\/\/www.iterates.be\/wp-content\/uploads\/2024\/06\/pexels-doterra-international-llc-2204678-15837848-1_optimized-1.webp\" alt=\"\" class=\"wp-image-17174\"\/><\/figure>\n\n\n\n<h2 class=\"wp-block-heading\"><b style=\"font-size: revert;color: initial;font-family: -apple-system, BlinkMacSystemFont, 'Segoe UI', Roboto, Oxygen-Sans, Ubuntu, Cantarell, 'Helvetica Neue', sans-serif\">Comprendre l\u2019Employer Branding<\/b><\/h2>\n\n\n\n<h3 class=\"wp-block-heading\"><b>D\u00e9finition de l\u2019Employer Branding<\/b><\/h3>\n\n\n\n<figure class=\"wp-block-embed is-type-video is-provider-youtube wp-block-embed-youtube wp-embed-aspect-16-9 wp-has-aspect-ratio\"><div class=\"wp-block-embed__wrapper\">\n<iframe hcb-fetch-image-from=\"https:\/\/youtu.be\/_j7ALiYstNM\" title=\"employer branding\" width=\"1280\" height=\"720\" src=\"https:\/\/www.youtube.com\/embed\/_j7ALiYstNM?feature=oembed\" frameborder=\"0\" allow=\"accelerometer; autoplay; clipboard-write; encrypted-media; gyroscope; picture-in-picture; web-share\" referrerpolicy=\"strict-origin-when-cross-origin\" allowfullscreen><\/iframe>\n<\/div><\/figure>\n\n\n\n<div class=\"flex-1 overflow-hidden @container\/thread translate-y-[2rem] -mt-[2rem] pb-[1.5rem]\">\n<div class=\"flex h-full flex-col overflow-y-auto\">\n<div class=\"flex flex-col text-sm md:pb-9\">\n<article class=\"w-full text-token-text-primary focus-visible:outline-2 focus-visible:outline-offset-[-4px]\" dir=\"auto\" data-testid=\"conversation-turn-233\" data-scroll-anchor=\"true\">\n<div class=\"m-auto text-base py-[18px] px-6\">\n<div class=\"mx-auto flex flex-1 text-base gap-4 md:gap-5 lg:gap-6 md:max-w-3xl lg:max-w-[40rem] xl:max-w-[48rem]\">\n<div class=\"group\/conversation-turn relative flex w-full min-w-0 flex-col agent-turn @xs\/thread:px-0 @sm\/thread:px-1.5 @md\/thread:px-4\">\n<div class=\"flex-col gap-1 md:gap-3\">\n<div class=\"flex max-w-full flex-col flex-grow\">\n<div class=\"min-h-8 text-message flex w-full flex-col items-end gap-2 whitespace-normal break-words text-start [.text-message+&amp;]:mt-5\" dir=\"auto\" data-message-author-role=\"assistant\" data-message-id=\"68981eac-b1bd-42f9-95b6-cf85f2cdd161\" data-message-model-slug=\"gpt-4o\">\n<div class=\"flex w-full flex-col gap-1 empty:hidden first:pt-[3px]\">\n<div class=\"markdown prose w-full break-words dark:prose-invert light\">\n<p data-start=\"0\" data-end=\"94\" data-is-last-node=\"\">Dans un march\u00e9 comp\u00e9titif, l\u2019<strong data-start=\"29\" data-end=\"50\">Employer Branding<\/strong> est cl\u00e9 pour attirer les meilleurs talents.<\/p>\n<\/div>\n<\/div>\n<\/div>\n<\/div>\n<div class=\"mb-2 flex gap-3 empty:hidden -ml-2\">\n<div class=\"items-center justify-start rounded-xl p-1 flex\">\n<div class=\"flex\"><span style=\"font-weight: 400\">Les demandeurs d&#8217;emploi \u00e9valuent de plus en plus les employeurs potentiels en fonction de leur marque employeur, qui englobe la r\u00e9putation de l&#8217;entreprise en tant que lieu de travail et sa <\/span><a style=\"font-family: -apple-system, BlinkMacSystemFont, 'Segoe UI', Roboto, Oxygen-Sans, Ubuntu, Cantarell, 'Helvetica Neue', sans-serif;font-size: revert\" href=\"https:\/\/www.qualtrics.com\/experience-management\/employee\/employee-value-proposition\/#:~:text=An%20employee%20value%20proposition%20(EVP,and%20achieve%20their%20highest%20potential.\">proposition de valeur pour les employ\u00e9s<\/a><span style=\"font-weight: 400\">.<\/span><\/div>\n<\/div>\n<\/div>\n<\/div>\n<\/div>\n<\/div>\n<\/div>\n<\/article>\n<\/div>\n<\/div>\n<\/div>\n\n\n\n<p>Une <strong data-start=\"4\" data-end=\"46\">proposition de valeur employeur claire<\/strong> attire et fid\u00e9lise les talents en mettant en avant <strong data-start=\"98\" data-end=\"127\">avantages et opportunit\u00e9s<\/strong>.<\/p>\n\n\n\n<p>Un <strong data-start=\"135\" data-end=\"161\">Employer Branding fort<\/strong> communique efficacement <strong data-start=\"186\" data-end=\"221\">culture, objectifs et b\u00e9n\u00e9fices<\/strong>, cr\u00e9ant une <strong data-start=\"234\" data-end=\"263\">\u00e9quipe engag\u00e9e et motiv\u00e9e<\/strong> pour la r\u00e9ussite de l\u2019entreprise.<\/p>\n\n\n\n<h2 class=\"wp-block-heading\"><b>Les Grands Avantages d\u2019un Employer Branding Bien \u00c9tabli<\/b><\/h2>\n\n\n\n<h3 class=\"wp-block-heading\"><b>Attraction des meilleurs talents<\/b><\/h3>\n\n\n\n<p><span style=\"font-weight: 400\">Une marque employeur positive, cultiv\u00e9e gr\u00e2ce \u00e0 une exp\u00e9rience employ\u00e9 exceptionnelle et \u00e0 des efforts de recrutement strat\u00e9giques, sert de phare aux nouveaux employ\u00e9s. C&#8217;est le signe d&#8217;un lieu de travail qui valorise et investit dans son personnel.<\/span><\/p>\n\n\n\n<p><span style=\"font-weight: 400\">Cette r\u00e9putation augmente non seulement la quantit\u00e9 mais aussi la qualit\u00e9 des candidats \u00e0 l&#8217;emploi. Elle permet aux entreprises de se d\u00e9marquer de leurs concurrents aux yeux des meilleurs talents.<\/span><\/p>\n\n\n\n<figure class=\"wp-block-image size-large\"><img decoding=\"async\" src=\"https:\/\/www.iterates.be\/wp-content\/uploads\/2024\/06\/pexels-karolina-grabowska-5942578_optimized.webp\" alt=\"\" class=\"wp-image-17175\"\/><\/figure>\n\n\n\n<p>En cultivant un <strong data-start=\"16\" data-end=\"57\">environnement positif et enrichissant<\/strong>, les entreprises attirent des talents en qu\u00eate d\u2019une <strong data-start=\"111\" data-end=\"137\">carri\u00e8re \u00e9panouissante<\/strong>.<\/p>\n\n\n\n<p>Une <strong data-start=\"146\" data-end=\"178\">marque employeur strat\u00e9gique<\/strong> facilite le recrutement et assure un <strong data-start=\"216\" data-end=\"239\">alignement culturel<\/strong>, favorisant <strong data-start=\"252\" data-end=\"285\">succ\u00e8s et croissance durables<\/strong>.<\/p>\n\n\n\n<h3 class=\"wp-block-heading\"><b>Augmentation de la r\u00e9tention des employ\u00e9s<\/b><\/h3>\n\n\n\n<p>Une entreprise per\u00e7ue positivement fid\u00e9lise mieux ses employ\u00e9s, r\u00e9duisant le <strong data-start=\"137\" data-end=\"149\">turnover<\/strong>.<\/p>\n\n\n\n<p>Dans un march\u00e9 o\u00f9 les talents recherchent un alignement de <strong data-start=\"213\" data-end=\"254\">valeurs et un environnement stimulant<\/strong>, une <strong data-start=\"260\" data-end=\"286\">marque employeur forte<\/strong> renforce la <strong data-start=\"299\" data-end=\"325\">fiert\u00e9 et l\u2019engagement<\/strong>, incitant les employ\u00e9s \u00e0 rester et \u00e0 contribuer activement.<\/p>\n\n\n\n<p>Au-del\u00e0 du recrutement, elle cultive un <strong data-start=\"429\" data-end=\"469\">environnement valorisant et motivant<\/strong>, essentiel \u00e0 l\u2019\u00e9volution et \u00e0 la performance des \u00e9quipes.<\/p>\n\n\n\n<h3 class=\"wp-block-heading\"><b>Meilleure R\u00e9putation de l&#8217;Entreprise<\/b><\/h3>\n\n\n\n<p><span style=\"font-weight: 400\">Une entreprise jouissant d&#8217;une bonne r\u00e9putation b\u00e9n\u00e9ficie d&#8217;une meilleure image de marque. Celle-ci joue un r\u00f4le essentiel dans tous les aspects de sa r\u00e9ussite, de l&#8217;acquisition de talents \u00e0 la satisfaction des clients.<\/span><\/p>\n\n\n\n<p><span style=\"font-weight: 400\">Cette perception positive permet \u00e0 l&#8217;entreprise d&#8217;attirer non seulement les meilleurs talents. Mais aussi de renforcer ses relations avec ses clients, ses investisseurs et le grand public.<\/span><\/p>\n\n\n\n<p>Une <strong data-start=\"60\" data-end=\"85\">entreprise attractive<\/strong> valorise <strong data-start=\"95\" data-end=\"131\">qualit\u00e9, int\u00e9grit\u00e9 et innovation<\/strong>, renfor\u00e7ant l\u2019<strong data-start=\"146\" data-end=\"173\">engagement des employ\u00e9s<\/strong> et am\u00e9liorant l\u2019<strong data-start=\"190\" data-end=\"211\">exp\u00e9rience client<\/strong>.<\/p>\n\n\n\n<p>Au-del\u00e0 du recrutement, une <strong data-start=\"244\" data-end=\"271\">marque employeur solide<\/strong> fa\u00e7onne une <strong data-start=\"284\" data-end=\"306\">r\u00e9putation durable<\/strong>, contribuant au <strong data-start=\"323\" data-end=\"351\">succ\u00e8s et \u00e0 la p\u00e9rennit\u00e9<\/strong> de l\u2019entreprise.<\/p>\n\n\n\n<h3 class=\"wp-block-heading\"><b>Am\u00e9lioration de l&#8217;engagement des travailleurs<\/b><\/h3>\n\n\n\n<p>L\u2019<strong data-start=\"75\" data-end=\"96\">Employer Branding<\/strong> renforce <strong data-start=\"106\" data-end=\"141\">l\u2019engagement et la productivit\u00e9<\/strong> des employ\u00e9s en alignant leur travail avec leurs <strong data-start=\"191\" data-end=\"214\">valeurs et missions<\/strong>.<\/p>\n\n\n\n<p>Cette fiert\u00e9 attire aussi les <strong data-start=\"249\" data-end=\"270\">candidats passifs<\/strong>, s\u00e9duits par une entreprise qui r\u00e9sonne avec leurs aspirations.<\/p>\n\n\n\n<p>Au-del\u00e0 du recrutement, une <strong data-start=\"366\" data-end=\"392\">marque employeur forte<\/strong> favorise un <strong data-start=\"405\" data-end=\"441\">environnement de travail positif<\/strong>, propice \u00e0 la <strong data-start=\"456\" data-end=\"488\">croissance et \u00e0 l\u2019innovation<\/strong>.<\/p>\n\n\n\n<h3 class=\"wp-block-heading\"><b>Une Meilleure Rentabilit\u00e9<\/b><span style=\"font-weight: 400\"><br><\/span><span style=\"font-weight: 400\"><br><\/span><span style=\"font-weight: 400\">Une marque employeur forte peut aider les entreprises \u00e0 acqu\u00e9rir un avantage concurrentiel dans leur secteur. En favorisant un environnement de travail riche en opportunit\u00e9s de croissance et un fort engagement des employ\u00e9s.<\/span><\/h3>\n\n\n\n<p><span style=\"font-weight: 400\">Lorsque des personnes travaillent pour une entreprise qui soutient leurs aspirations et s&#8217;aligne sur leurs valeurs, elles sont non seulement plus engag\u00e9es. Ils sont \u00e9galement plus productifs, ce qui contribue directement \u00e0 la rentabilit\u00e9 de l&#8217;entreprise.<\/span><\/p>\n\n\n\n<p><span style=\"font-weight: 400\">Cette synergie entre la <\/span><a href=\"https:\/\/www.zendesk.com\/blog\/employee-satisfaction-guide\/\"><span style=\"font-weight: 400\">satisfaction des employ\u00e9s<\/span><\/a><span style=\"font-weight: 400\"> et les r\u00e9sultats de l&#8217;entreprise signifie qu&#8217;une marque employeur solide n&#8217;est pas seulement un outil pour attirer les talents, mais un atout strat\u00e9gique qui propulse la croissance de l&#8217;entreprise.<\/span><\/p>\n\n\n\n<p><span style=\"font-weight: 400\">Des employ\u00e9s engag\u00e9s sont plus susceptibles d&#8217;innover, de d\u00e9passer leurs objectifs et de fournir un service \u00e0 la client\u00e8le exceptionnel. Autant d&#8217;\u00e9l\u00e9ments essentiels \u00e0 la r\u00e9ussite d&#8217;une entreprise et \u00e0 sa position de leader dans son domaine.<\/span><\/p>\n\n\n\n<h2 class=\"wp-block-heading\"><b>\u00c9l\u00e9ments Cl\u00e9s d&#8217;un Employer Branding R\u00e9ussi<\/b><\/h2>\n\n\n\n<h3 class=\"wp-block-heading\"><b>Vision et Valeurs Claires de l&#8217;Entreprise<\/b><\/h3>\n\n\n\n<p><span style=\"font-weight: 400\">Une marque employeur forte communique efficacement <\/span><a href=\"https:\/\/connecteam.com\/hr-glossary\/company-vision\/#:~:text=A%20company%20vision%2C%20or%20vision,should%20be%20inspirational%20and%20aspirational.\"><span style=\"font-weight: 400\">la vision<\/span><\/a><span style=\"font-weight: 400\"> et les valeurs d&#8217;une entreprise, ce qui la rend essentielle pour le recrutement et l&#8217;aide \u00e0 se d\u00e9marquer sur le march\u00e9 du travail comp\u00e9titif d&#8217;aujourd&#8217;hui.<\/span><\/p>\n\n\n\n<div class=\"flex-1 overflow-hidden @container\/thread translate-y-[2rem] -mt-[2rem] pb-[1.5rem]\">\n<div class=\"flex h-full flex-col overflow-y-auto\">\n<div class=\"flex flex-col text-sm md:pb-9\">\n<article class=\"w-full text-token-text-primary focus-visible:outline-2 focus-visible:outline-offset-[-4px]\" dir=\"auto\" data-testid=\"conversation-turn-221\" data-scroll-anchor=\"true\">\n<div class=\"m-auto text-base py-[18px] px-6\">\n<div class=\"mx-auto flex flex-1 text-base gap-4 md:gap-5 lg:gap-6 md:max-w-3xl lg:max-w-[40rem] xl:max-w-[48rem]\">\n<div class=\"group\/conversation-turn relative flex w-full min-w-0 flex-col agent-turn @xs\/thread:px-0 @sm\/thread:px-1.5 @md\/thread:px-4\">\n<div class=\"flex-col gap-1 md:gap-3\">\n<div class=\"flex max-w-full flex-col flex-grow\">\n<div class=\"min-h-8 text-message flex w-full flex-col items-end gap-2 whitespace-normal break-words text-start [.text-message+&amp;]:mt-5\" dir=\"auto\" data-message-author-role=\"assistant\" data-message-id=\"565906c6-adc2-48a5-84d7-3976492c8d4f\" data-message-model-slug=\"gpt-4o\">\n<div class=\"flex w-full flex-col gap-1 empty:hidden first:pt-[3px]\">\n<div class=\"markdown prose w-full break-words dark:prose-invert light\">\n<p data-start=\"0\" data-end=\"311\" data-is-last-node=\"\">Quand les talents comprennent et s\u2019identifient \u00e0 la <strong data-start=\"52\" data-end=\"80\">culture d\u2019une entreprise<\/strong>, ils sont plus enclins \u00e0 postuler et \u00e0 rester engag\u00e9s. Une <strong data-start=\"140\" data-end=\"167\">communication coh\u00e9rente<\/strong> des <strong data-start=\"172\" data-end=\"199\">valeurs et de la vision<\/strong> sur toutes les plateformes est essentielle pour b\u00e2tir une <strong data-start=\"258\" data-end=\"284\">marque employeur forte<\/strong> et fid\u00e9liser les employ\u00e9s.<\/p>\n<\/div>\n<\/div>\n<\/div>\n<\/div>\n<div class=\"mb-2 flex gap-3 empty:hidden -ml-2\">\n<div class=\"items-center justify-start rounded-xl p-1 flex\">\n<div class=\"flex\">&nbsp;<\/div>\n<\/div>\n<\/div>\n<div class=\"pr-2 lg:pr-0\">&nbsp;<\/div>\n<div class=\"mt-3 w-full empty:hidden\">\n<div class=\"text-center\"><span style=\"color: initial;font-family: -apple-system, BlinkMacSystemFont, 'Segoe UI', Roboto, Oxygen-Sans, Ubuntu, Cantarell, 'Helvetica Neue', sans-serif;font-size: revert\">Cela permet d&#8217;assurer l&#8217;alignement et d&#8217;encourager un sentiment d&#8217;appartenance et d&#8217;objectif parmi le personnel.<\/span><\/div>\n<\/div>\n<\/div>\n<\/div>\n<\/div>\n<\/div>\n<\/article>\n<\/div>\n<\/div>\n<\/div>\n\n\n\n<p><span style=\"font-weight: 400\">D\u00e9couvrez-en plus sur la vision et les valeurs d<\/span><a href=\"https:\/\/www.iterates.be\/fr\/portfolios\/\" target=\"_blank\" rel=\"noopener\" title=\"\"><span style=\"font-weight: 400\">&#8216;Iterates<\/span><\/a><span style=\"font-weight: 400\">.&nbsp;<\/span><\/p>\n\n\n\n<h3 class=\"wp-block-heading\"><b>Culture d\u2019Entreprise Positive<\/b><\/h3>\n\n\n\n<p>Une <strong data-start=\"72\" data-end=\"102\">culture d\u2019entreprise forte<\/strong> influence non seulement l\u2019<strong data-start=\"129\" data-end=\"172\">engagement et la r\u00e9tention des employ\u00e9s<\/strong>, mais aussi la <strong data-start=\"188\" data-end=\"218\">r\u00e9putation de l\u2019entreprise<\/strong> sur le march\u00e9 des talents, notamment via des plateformes comme <strong data-start=\"282\" data-end=\"295\">Glassdoor<\/strong>.<\/p>\n\n\n\n<p>En valorisant le <strong data-start=\"317\" data-end=\"364\">bien-\u00eatre et le d\u00e9veloppement professionnel<\/strong>, les entreprises renforcent le <strong data-start=\"396\" data-end=\"438\">sentiment d\u2019appartenance et de loyaut\u00e9<\/strong>. Cet investissement ne profite pas seulement aux employ\u00e9s, mais constitue un <strong data-start=\"516\" data-end=\"554\">avantage concurrentiel strat\u00e9gique<\/strong>.<\/p>\n\n\n\n<h3 class=\"wp-block-heading\"><strong data-start=\"4\" data-end=\"68\">L\u2019Engagement des Employ\u00e9s : Un Pilier de la Marque Employeur<\/strong><\/h3>\n\n\n\n<p>L&#8217;engagement des employ\u00e9s est essentiel pour b\u00e2tir une <strong data-start=\"127\" data-end=\"153\">marque employeur forte<\/strong>. Lorsqu&#8217;ils deviennent <strong data-start=\"177\" data-end=\"193\">ambassadeurs<\/strong>, ils renforcent l\u2019image de l\u2019entreprise en partageant <strong data-start=\"248\" data-end=\"277\">des exp\u00e9riences positives<\/strong> et ses valeurs. Un environnement de travail positif et une communication claire des valeurs favorisent cette implication.<\/p>\n\n\n\n<h3 class=\"wp-block-heading\"><strong data-start=\"407\" data-end=\"474\">Strat\u00e9gies pour Impliquer les Employ\u00e9s dans la Marque Employeur<\/strong><\/h3>\n\n\n\n<ul class=\"wp-block-list\">\n<li><strong data-start=\"480\" data-end=\"504\">Former et encourager<\/strong> : Offrez des formations sur l&#8217;employee advocacy et incitez les employ\u00e9s \u00e0 partager leurs exp\u00e9riences sur les r\u00e9seaux sociaux.<\/li>\n\n\n\n<li><strong data-start=\"635\" data-end=\"663\">Valoriser et r\u00e9compenser<\/strong> : Reconnaissez les efforts des employ\u00e9s engag\u00e9s par des remerciements publics ou des incitations.<\/li>\n\n\n\n<li><strong data-start=\"766\" data-end=\"798\">Cr\u00e9er du contenu partageable<\/strong> : Fournissez des blogs, vid\u00e9os ou t\u00e9moignages d\u2019employ\u00e9s pour faciliter la diffusion.<\/li>\n\n\n\n<li><strong data-start=\"889\" data-end=\"910\">Suivre et ajuster<\/strong> : Utilisez des outils d\u2019analyse pour mesurer l\u2019impact et affiner la strat\u00e9gie.<\/li>\n<\/ul>\n\n\n\n<p>Un <strong data-start=\"996\" data-end=\"1017\">employee advocacy<\/strong> efficace renforce la visibilit\u00e9 de l\u2019entreprise, attire des talents et inspire confiance. Les recommandations des employ\u00e9s sont souvent plus influentes que le marketing traditionnel, faisant de leur voix un levier puissant pour l\u2019image de marque employeur.<\/p>\n\n\n\n<h3 class=\"wp-block-heading\"><b>Communication Constante<\/b><\/h3>\n\n\n\n<div class=\"flex-1 overflow-hidden @container\/thread translate-y-[2rem] -mt-[2rem] pb-[1.5rem]\">\n<div class=\"flex h-full flex-col overflow-y-auto\">\n<div class=\"flex flex-col text-sm md:pb-9\">\n<article class=\"w-full text-token-text-primary focus-visible:outline-2 focus-visible:outline-offset-[-4px]\" dir=\"auto\" data-testid=\"conversation-turn-217\" data-scroll-anchor=\"true\">\n<div class=\"m-auto text-base py-[18px] px-6\">\n<div class=\"mx-auto flex flex-1 text-base gap-4 md:gap-5 lg:gap-6 md:max-w-3xl lg:max-w-[40rem] xl:max-w-[48rem]\">\n<div class=\"group\/conversation-turn relative flex w-full min-w-0 flex-col agent-turn @xs\/thread:px-0 @sm\/thread:px-1.5 @md\/thread:px-4\">\n<div class=\"flex-col gap-1 md:gap-3\">\n<div class=\"flex max-w-full flex-col flex-grow\">\n<div class=\"min-h-8 text-message flex w-full flex-col items-end gap-2 whitespace-normal break-words text-start [.text-message+&amp;]:mt-5\" dir=\"auto\" data-message-author-role=\"assistant\" data-message-id=\"c4b1bdcb-bf6d-4595-84cf-38cdf055c8d4\" data-message-model-slug=\"gpt-4o\">\n<div class=\"flex w-full flex-col gap-1 empty:hidden first:pt-[3px]\">\n<div class=\"markdown prose w-full break-words dark:prose-invert light\">\n<p data-start=\"0\" data-end=\"360\" data-is-last-node=\"\">Une <strong data-start=\"4\" data-end=\"31\">communication coh\u00e9rente<\/strong> est essentielle pour une <strong data-start=\"57\" data-end=\"83\">marque employeur forte<\/strong>. En exprimant r\u00e9guli\u00e8rement <strong data-start=\"112\" data-end=\"142\">vision, valeurs et culture<\/strong>, les entreprises renforcent l\u2019unit\u00e9 interne et attirent des talents. La transparence et la constance des messages cr\u00e9ent une <strong data-start=\"268\" data-end=\"291\">identit\u00e9 attrayante<\/strong>, align\u00e9e sur les objectifs strat\u00e9giques et renfor\u00e7ant la r\u00e9putation.<\/p>\n<\/div>\n<\/div>\n<\/div>\n<\/div>\n<div class=\"mb-2 flex gap-3 empty:hidden -ml-2\">\n<div class=\"items-center justify-start rounded-xl p-1 flex\">\n<div class=\"flex items-center\">&nbsp;<\/div>\n<\/div>\n<\/div>\n<div class=\"pr-2 lg:pr-0\">&nbsp;<\/div>\n<div class=\"mt-3 w-full empty:hidden\">\n<div class=\"text-center\"><b style=\"color: revert;font-family: -apple-system, BlinkMacSystemFont, 'Segoe UI', Roboto, Oxygen-Sans, Ubuntu, Cantarell, 'Helvetica Neue', sans-serif;font-size: revert\">\u00c9tapes \u00e0 Suivre pour D\u00e9velopper une Marque d&#8217;Employeur Forte<\/b><\/div>\n<\/div>\n<\/div>\n<\/div>\n<\/div>\n<\/div>\n<\/article>\n<\/div>\n<\/div>\n<\/div>\n\n\n\n<h3 class=\"wp-block-heading\"><b>Identifier votre Proposition de Valeur Unique de l&#8217;Employeur<\/b><\/h3>\n\n\n\n<p><span style=\"font-weight: 400\">Il est essentiel d&#8217;identifier votre proposition de valeur employeur (PVE) unique, car elle permet \u00e0 votre entreprise de se diff\u00e9rencier sur un march\u00e9 de l&#8217;emploi tr\u00e8s encombr\u00e9.<\/span><\/p>\n\n\n\n<figure class=\"wp-block-image size-large\"><img decoding=\"async\" src=\"https:\/\/www.iterates.be\/wp-content\/uploads\/2024\/06\/pexels-cottonbro-5989928_optimized.webp\" alt=\"\" class=\"wp-image-17178\"\/><\/figure>\n\n\n\n<p><span style=\"font-weight: 400\">Il s&#8217;agit d&#8217;une analyse approfondie de ce qui distingue votre organisation. Qu&#8217;il s&#8217;agisse des attributs culturels uniques, des possibilit\u00e9s d&#8217;avancement professionnel ou des avantages et r\u00e9compenses propres \u00e0 votre lieu de travail.&nbsp;<\/span><\/p>\n\n\n\n<p><span style=\"font-weight: 400\">La formulation efficace de cette PVE est essentielle pour attirer et retenir les talents qui s&#8217;alignent sur les valeurs et la vision de votre entreprise. Elle constitue la base sur laquelle reposent tous les efforts de promotion de la marque de l&#8217;employeur.<\/span><\/p>\n\n\n\n<h3 class=\"wp-block-heading\"><b>Cr\u00e9er une Histoire de Marque Employeur Convaincante<\/b><\/h3>\n\n\n\n<div class=\"flex-1 overflow-hidden @container\/thread translate-y-[2rem] -mt-[2rem] pb-[1.5rem]\">\n<div class=\"flex h-full flex-col overflow-y-auto\">\n<div class=\"flex flex-col text-sm md:pb-9\">\n<article class=\"w-full text-token-text-primary focus-visible:outline-2 focus-visible:outline-offset-[-4px]\" dir=\"auto\" data-testid=\"conversation-turn-215\" data-scroll-anchor=\"true\">\n<div class=\"m-auto text-base py-[18px] px-6\">\n<div class=\"mx-auto flex flex-1 text-base gap-4 md:gap-5 lg:gap-6 md:max-w-3xl lg:max-w-[40rem] xl:max-w-[48rem]\">\n<div class=\"group\/conversation-turn relative flex w-full min-w-0 flex-col agent-turn @xs\/thread:px-0 @sm\/thread:px-1.5 @md\/thread:px-4\">\n<div class=\"flex-col gap-1 md:gap-3\">\n<div class=\"flex max-w-full flex-col flex-grow\">\n<div class=\"min-h-8 text-message flex w-full flex-col items-end gap-2 whitespace-normal break-words text-start [.text-message+&amp;]:mt-5\" dir=\"auto\" data-message-author-role=\"assistant\" data-message-id=\"96e1fc35-7616-4369-bebe-bb2cca137c8b\" data-message-model-slug=\"gpt-4o\">\n<div class=\"flex w-full flex-col gap-1 empty:hidden first:pt-[3px]\">\n<div class=\"markdown prose w-full break-words dark:prose-invert light\">\n<p data-start=\"0\" data-end=\"261\" data-is-last-node=\"\">Une <strong data-start=\"4\" data-end=\"30\">marque employeur forte<\/strong> repose sur un r\u00e9cit clair mettant en avant <strong data-start=\"74\" data-end=\"106\">identit\u00e9, valeurs et culture<\/strong>. En <strong data-start=\"111\" data-end=\"150\">valorisant croissance et communaut\u00e9<\/strong>, vous attirez les bons talents et renforcez l\u2019engagement des employ\u00e9s, am\u00e9liorant recrutement et fid\u00e9lisation.<\/p>\n<\/div>\n<\/div>\n<\/div>\n<\/div>\n<div class=\"mb-2 flex gap-3 empty:hidden -ml-2\">\n<div class=\"items-center justify-start rounded-xl p-1 flex\">\n<div class=\"flex\">&nbsp;<\/div>\n<\/div>\n<\/div>\n<div class=\"pr-2 lg:pr-0\"><b style=\"color: revert;font-family: -apple-system, BlinkMacSystemFont, 'Segoe UI', Roboto, Oxygen-Sans, Ubuntu, Cantarell, 'Helvetica Neue', sans-serif;font-size: revert\">Tirer Parti des T\u00e9moignages des Employ\u00e9s<\/b><\/div>\n<\/div>\n<\/div>\n<\/div>\n<\/div>\n<\/article>\n<\/div>\n<\/div>\n<\/div>\n\n\n\n<p><span style=\"font-weight: 400\">Les t\u00e9moignages d&#8217;employ\u00e9s constituent un soutien puissant \u00e0 <\/span><a href=\"https:\/\/builtin.com\/company-culture\"><span style=\"font-weight: 400\">la culture et aux valeurs<\/span><\/a><span style=\"font-weight: 400\"> de votre entreprise, offrant aux candidats potentiels un aper\u00e7u authentique de l&#8217;exp\u00e9rience des employ\u00e9s.<\/span><\/p>\n\n\n\n<div class=\"flex-1 overflow-hidden @container\/thread translate-y-[2rem] -mt-[2rem] pb-[1.5rem]\">\n<div class=\"flex h-full flex-col overflow-y-auto\">\n<div class=\"flex flex-col text-sm md:pb-9\">\n<article class=\"w-full text-token-text-primary focus-visible:outline-2 focus-visible:outline-offset-[-4px]\" dir=\"auto\" data-testid=\"conversation-turn-213\" data-scroll-anchor=\"true\">\n<div class=\"m-auto text-base py-[18px] px-6\">\n<div class=\"mx-auto flex flex-1 text-base gap-4 md:gap-5 lg:gap-6 md:max-w-3xl lg:max-w-[40rem] xl:max-w-[48rem]\">\n<div class=\"group\/conversation-turn relative flex w-full min-w-0 flex-col agent-turn @xs\/thread:px-0 @sm\/thread:px-1.5 @md\/thread:px-4\">\n<div class=\"flex-col gap-1 md:gap-3\">\n<div class=\"flex max-w-full flex-col flex-grow\">\n<div class=\"min-h-8 text-message flex w-full flex-col items-end gap-2 whitespace-normal break-words text-start [.text-message+&amp;]:mt-5\" dir=\"auto\" data-message-author-role=\"assistant\" data-message-id=\"1a077901-fe02-4156-b6fa-c144fd96bb49\" data-message-model-slug=\"gpt-4o\">\n<div class=\"flex w-full flex-col gap-1 empty:hidden first:pt-[3px]\">\n<div class=\"markdown prose w-full break-words dark:prose-invert light\">\n<p data-start=\"0\" data-end=\"299\" data-is-last-node=\"\">Les <strong data-start=\"4\" data-end=\"32\">t\u00e9moignages authentiques<\/strong> mettent en lumi\u00e8re les <strong data-start=\"56\" data-end=\"137\">opportunit\u00e9s de carri\u00e8re, l\u2019environnement de travail et les avantages uniques<\/strong> de votre entreprise. Ils renforcent la <strong data-start=\"177\" data-end=\"208\">confiance et l\u2019attractivit\u00e9<\/strong>, aidant les candidats \u00e0 se projeter et \u00e0 s\u2019imaginer \u00e9voluer au sein de votre organisation.<\/p>\n<\/div>\n<\/div>\n<\/div>\n<\/div>\n<div class=\"mb-2 flex gap-3 empty:hidden -ml-2\">\n<div class=\"items-center justify-start rounded-xl p-1 flex\">\n<div class=\"flex\">\u00a0<\/div>\n<\/div>\n<\/div>\n<div class=\"pr-2 lg:pr-0\">\u00a0<\/div>\n<div class=\"mt-3 w-full empty:hidden\">\n<div class=\"text-center\">\u00a0<\/div>\n<\/div>\n<\/div>\n<div class=\"absolute\">\n<div class=\"flex items-center justify-center\"><b style=\"color: revert;font-family: -apple-system, BlinkMacSystemFont, 'Segoe UI', Roboto, Oxygen-Sans, Ubuntu, Cantarell, 'Helvetica Neue', sans-serif;font-size: revert\">Incorporer votre Marque Dans les Descriptions d&#8217;Emploi<\/b><\/div>\n<\/div>\n<\/div>\n<\/div>\n<\/div>\n<\/article>\n<\/div>\n<\/div>\n<\/div>\n\n\n\n<div class=\"flex-1 overflow-hidden @container\/thread translate-y-[2rem] -mt-[2rem] pb-[1.5rem]\">\n<div class=\"flex h-full flex-col overflow-y-auto\">\n<div class=\"flex flex-col text-sm md:pb-9\">\n<article class=\"w-full text-token-text-primary focus-visible:outline-2 focus-visible:outline-offset-[-4px]\" dir=\"auto\" data-testid=\"conversation-turn-211\" data-scroll-anchor=\"true\">\n<div class=\"m-auto text-base py-[18px] px-6\">\n<div class=\"mx-auto flex flex-1 text-base gap-4 md:gap-5 lg:gap-6 md:max-w-3xl lg:max-w-[40rem] xl:max-w-[48rem]\">\n<div class=\"group\/conversation-turn relative flex w-full min-w-0 flex-col agent-turn @xs\/thread:px-0 @sm\/thread:px-1.5 @md\/thread:px-4\">\n<div class=\"flex-col gap-1 md:gap-3\">\n<div class=\"flex max-w-full flex-col flex-grow\">\n<div class=\"min-h-8 text-message flex w-full flex-col items-end gap-2 whitespace-normal break-words text-start [.text-message+&amp;]:mt-5\" dir=\"auto\" data-message-author-role=\"assistant\" data-message-id=\"fc30d673-61b4-4dde-8383-f8ebe785da48\" data-message-model-slug=\"gpt-4o\">\n<div class=\"flex w-full flex-col gap-1 empty:hidden first:pt-[3px]\">\n<div class=\"markdown prose w-full break-words dark:prose-invert light\">\n<p data-start=\"0\" data-end=\"250\" data-is-last-node=\"\">Int\u00e9grer votre <strong data-start=\"15\" data-end=\"25\">marque<\/strong> dans les descriptions de poste fa\u00e7onne la perception des candidats. En mettant en avant <strong data-start=\"114\" data-end=\"136\">culture et valeurs<\/strong>, vous attirez des talents align\u00e9s avec votre entreprise, favorisant une \u00e9quipe engag\u00e9e et coh\u00e9sive d\u00e8s le d\u00e9part.<\/p>\n<\/div>\n<\/div>\n<\/div>\n<\/div>\n<p data-start=\"0\" data-end=\"250\" data-is-last-node=\"\"><b style=\"color: revert;font-family: -apple-system, BlinkMacSystemFont, 'Segoe UI', Roboto, Oxygen-Sans, Ubuntu, Cantarell, 'Helvetica Neue', sans-serif;font-size: revert\">Mesurer et Affiner votre Strat\u00e9gie de Marque Employeur<\/b><\/p>\n<\/div>\n<\/div>\n<\/div>\n<\/div>\n<\/article>\n<\/div>\n<\/div>\n<\/div>\n\n\n\n<div class=\"flex-1 overflow-hidden @container\/thread translate-y-[2rem] -mt-[2rem] pb-[1.5rem]\">\n<div class=\"flex h-full flex-col overflow-y-auto\">\n<div class=\"flex flex-col text-sm md:pb-9\">\n<article class=\"w-full text-token-text-primary focus-visible:outline-2 focus-visible:outline-offset-[-4px]\" dir=\"auto\" data-testid=\"conversation-turn-205\" data-scroll-anchor=\"true\">\n<div class=\"m-auto text-base py-[18px] px-6\">\n<div class=\"mx-auto flex flex-1 text-base gap-4 md:gap-5 lg:gap-6 md:max-w-3xl lg:max-w-[40rem] xl:max-w-[48rem]\">\n<div class=\"group\/conversation-turn relative flex w-full min-w-0 flex-col agent-turn @xs\/thread:px-0 @sm\/thread:px-1.5 @md\/thread:px-4\">\n<div class=\"flex-col gap-1 md:gap-3\">\n<div class=\"flex max-w-full flex-col flex-grow\">\n<div class=\"min-h-8 text-message flex w-full flex-col items-end gap-2 whitespace-normal break-words text-start [.text-message+&amp;]:mt-5\" dir=\"auto\" data-message-author-role=\"assistant\" data-message-id=\"b7ec1642-241c-4c9a-baa1-91de4289be24\" data-message-model-slug=\"gpt-4o\">\n<div class=\"flex w-full flex-col gap-1 empty:hidden first:pt-[3px]\">\n<div class=\"markdown prose w-full break-words dark:prose-invert light\">\n<p data-start=\"0\" data-end=\"345\" data-is-last-node=\"\">Mesurer et ajuster en continu votre <strong data-start=\"36\" data-end=\"56\">marque employeur<\/strong> assure son efficacit\u00e9. En suivant <strong data-start=\"91\" data-end=\"150\">fid\u00e9lisation, qualit\u00e9 des candidats et retours employ\u00e9s<\/strong>, vous identifiez les axes d\u2019am\u00e9lioration. Ce processus it\u00e9ratif aligne votre strat\u00e9gie sur les tendances du march\u00e9 et les attentes des salari\u00e9s, garantissant sa pertinence et son impact durable.<\/p>\n<\/div>\n<\/div>\n<\/div>\n<\/div>\n<div class=\"mb-2 flex gap-3 empty:hidden -ml-2\">\n<div><b style=\"color: revert;font-family: -apple-system, BlinkMacSystemFont, 'Segoe UI', Roboto, Oxygen-Sans, Ubuntu, Cantarell, 'Helvetica Neue', sans-serif;font-size: revert\">\u00c9tudes de Cas : Entreprises avec un Employer Branding Solide<\/b><\/div>\n<\/div>\n<\/div>\n<\/div>\n<\/div>\n<\/div>\n<\/article>\n<\/div>\n<\/div>\n<\/div>\n\n\n\n<p><span style=\"font-weight: 400\">Des entreprises telles que Google, Apple, Salesforce et Starbucks sont connues pour la force de leur Employer Branding. Elles ont r\u00e9ussi \u00e0 cr\u00e9er une marque qui attire et retient les meilleurs talents, ce qui se traduit par la croissance et le succ\u00e8s de l&#8217;entreprise.<\/span><\/p>\n\n\n\n<h3 class=\"wp-block-heading\"><b>\u00c9tude de Cas 1: Google<\/b><\/h3>\n\n\n\n<ul class=\"wp-block-list\">\n<li><strong data-start=\"2\" data-end=\"14\">Contexte<\/strong> : Google est une r\u00e9f\u00e9rence en <strong data-start=\"45\" data-end=\"65\">marque employeur<\/strong>, reconnue pour son <strong data-start=\"85\" data-end=\"133\">innovation, sa culture centr\u00e9e sur l\u2019employ\u00e9<\/strong> et sa haute <strong data-start=\"146\" data-end=\"178\">satisfaction professionnelle<\/strong>.<\/li>\n\n\n\n<li><strong data-start=\"184\" data-end=\"197\">Strat\u00e9gie<\/strong> : Son <strong data-start=\"204\" data-end=\"225\">Employer Branding<\/strong> met en avant un <strong data-start=\"242\" data-end=\"283\">environnement dynamique, l\u2019innovation<\/strong> et le <strong data-start=\"290\" data-end=\"316\">bien-\u00eatre des employ\u00e9s<\/strong>.<\/li>\n\n\n\n<li>Google valorise ses <strong data-start=\"342\" data-end=\"366\">valeurs et avantages<\/strong> via les <strong data-start=\"375\" data-end=\"430\">m\u00e9dias sociaux, sa page carri\u00e8re et les t\u00e9moignages<\/strong>, tout en affirmant sa mission : <strong data-start=\"463\" data-end=\"505\">rendre l\u2019information accessible \u00e0 tous<\/strong>.<\/li>\n<\/ul>\n\n\n\n<div class=\"flex-1 overflow-hidden @container\/thread translate-y-[2rem] -mt-[2rem] pb-[1.5rem]\">\n<div class=\"flex h-full flex-col overflow-y-auto\">\n<div class=\"flex flex-col text-sm md:pb-9\">\n<article class=\"w-full text-token-text-primary focus-visible:outline-2 focus-visible:outline-offset-[-4px]\" dir=\"auto\" data-testid=\"conversation-turn-201\" data-scroll-anchor=\"true\">\n<div class=\"m-auto text-base py-[18px] px-6\">\n<div class=\"mx-auto flex flex-1 text-base gap-4 md:gap-5 lg:gap-6 md:max-w-3xl lg:max-w-[40rem] xl:max-w-[48rem]\">\n<div class=\"group\/conversation-turn relative flex w-full min-w-0 flex-col agent-turn @xs\/thread:px-0 @sm\/thread:px-1.5 @md\/thread:px-4\">\n<div class=\"flex-col gap-1 md:gap-3\">\n<div class=\"mb-2 flex gap-3 empty:hidden -ml-2\">\n<div class=\"items-center justify-start rounded-xl p-1 flex\">\n<div class=\"flex items-center\">\n<div class=\"flex\"><span style=\"color: initial;font-family: -apple-system, BlinkMacSystemFont, 'Segoe UI', Roboto, Oxygen-Sans, Ubuntu, Cantarell, 'Helvetica Neue', sans-serif;font-size: revert\">Attirer des personnes qui partagent la m\u00eame passion pour cet objectif.<\/span><\/div>\n<\/div>\n<\/div>\n<\/div>\n<\/div>\n<\/div>\n<\/div>\n<\/div>\n<\/article>\n<\/div>\n<\/div>\n<\/div>\n\n\n\n<p><b>R\u00e9sultats<\/b><span style=\"font-weight: 400\">: La forte image de marque de Google en tant qu&#8217;employeur lui a permis d&#8217;attirer et de retenir les meilleurs talents dans le monde entier. L&#8217;entreprise b\u00e9n\u00e9ficie d&#8217;un volume \u00e9lev\u00e9 de candidatures pour chaque poste, ce qui lui permet de s\u00e9lectionner les meilleurs candidats. La r\u00e9putation de Google a \u00e9galement contribu\u00e9 \u00e0 son taux \u00e9lev\u00e9 de fid\u00e9lisation du personnel et a \u00e9t\u00e9 un facteur cl\u00e9 de sa position de leader sur le march\u00e9.<\/span><\/p>\n\n\n\n<h3 class=\"wp-block-heading\"><b>\u00c9tude de Cas 2: Salesforce<\/b><\/h3>\n\n\n\n<p><b>Contexte<\/b><span style=\"font-weight: 400\">: <\/span>Leader du <strong data-start=\"80\" data-end=\"87\">CRM<\/strong>, Salesforce se distingue par une <strong data-start=\"121\" data-end=\"154\">culture d\u2019entreprise positive<\/strong>, mettant l\u2019accent sur la <strong data-start=\"180\" data-end=\"209\">satisfaction des employ\u00e9s<\/strong> et l\u2019<strong data-start=\"215\" data-end=\"243\">engagement communautaire<\/strong>.<span style=\"font-size: revert;color: initial;font-family: -apple-system, BlinkMacSystemFont, 'Segoe UI', Roboto, Oxygen-Sans, Ubuntu, Cantarell, 'Helvetica Neue', sans-serif\"> Cette approche renforce son attractivit\u00e9 et son leadership sur le march\u00e9.<\/span><\/p>\n\n\n\n<div class=\"flex-1 overflow-hidden @container\/thread translate-y-[2rem] -mt-[2rem] pb-[1.5rem]\">\n<div class=\"flex h-full flex-col overflow-y-auto\">\n<div class=\"flex flex-col text-sm md:pb-9\">\n<article class=\"w-full text-token-text-primary focus-visible:outline-2 focus-visible:outline-offset-[-4px]\" dir=\"auto\" data-testid=\"conversation-turn-195\" data-scroll-anchor=\"true\">\n<div class=\"m-auto text-base py-[18px] px-6\">\n<div class=\"mx-auto flex flex-1 text-base gap-4 md:gap-5 lg:gap-6 md:max-w-3xl lg:max-w-[40rem] xl:max-w-[48rem]\">\n<div class=\"group\/conversation-turn relative flex w-full min-w-0 flex-col agent-turn @xs\/thread:px-0 @sm\/thread:px-1.5 @md\/thread:px-4\">\n<div class=\"flex-col gap-1 md:gap-3\">\n<div class=\"mb-2 flex gap-3 empty:hidden -ml-2\">\n<div class=\"items-center justify-start rounded-xl p-1 flex\">\n<div class=\"flex\">&nbsp;<\/div>\n<div class=\"flex items-center\"><b style=\"color: initial;font-family: -apple-system, BlinkMacSystemFont, 'Segoe UI', Roboto, Oxygen-Sans, Ubuntu, Cantarell, 'Helvetica Neue', sans-serif;font-size: revert\">Strat\u00e9gie<\/b><span style=\"font-weight: 400\">: La marque employeur de Salesforce est centr\u00e9e sur sa culture &#8220;<\/span><a style=\"font-family: -apple-system, BlinkMacSystemFont, 'Segoe UI', Roboto, Oxygen-Sans, Ubuntu, Cantarell, 'Helvetica Neue', sans-serif;font-size: revert\" href=\"https:\/\/www.salesforce.com\/video\/1615707\/\">Ohana<\/a><span style=\"font-weight: 400\">&#8220;, qui signifie famille en hawa\u00efen. L&#8217;entreprise met en avant son engagement en faveur de la confiance, de la croissance, de l&#8217;innovation et de l&#8217;\u00e9galit\u00e9. Elle promeut \u00e9galement activement ses initiatives philanthropiques, telles que les programmes de cong\u00e9s pour b\u00e9n\u00e9volat (VTO) et de dons d&#8217;entreprise.&nbsp;<\/span><\/div>\n<\/div>\n<\/div>\n<\/div>\n<\/div>\n<\/div>\n<\/div>\n<\/article>\n<\/div>\n<\/div>\n<\/div>\n\n\n\n<p><b>R\u00e9sultats<\/b><span style=\"font-weight: 400\">: <\/span><span style=\"font-size: revert;color: initial;font-family: -apple-system, BlinkMacSystemFont, 'Segoe UI', Roboto, Oxygen-Sans, Ubuntu, Cantarell, 'Helvetica Neue', sans-serif\">Gr\u00e2ce \u00e0 une <\/span><strong style=\"font-size: revert;color: initial;font-family: -apple-system, BlinkMacSystemFont, 'Segoe UI', Roboto, Oxygen-Sans, Ubuntu, Cantarell, 'Helvetica Neue', sans-serif\" data-start=\"68\" data-end=\"94\">marque employeur forte<\/strong><span style=\"font-size: revert;color: initial;font-family: -apple-system, BlinkMacSystemFont, 'Segoe UI', Roboto, Oxygen-Sans, Ubuntu, Cantarell, 'Helvetica Neue', sans-serif\">, Salesforce attire et fid\u00e9lise des talents passionn\u00e9s, favorisant <\/span><strong style=\"font-size: revert;color: initial;font-family: -apple-system, BlinkMacSystemFont, 'Segoe UI', Roboto, Oxygen-Sans, Ubuntu, Cantarell, 'Helvetica Neue', sans-serif\" data-start=\"161\" data-end=\"189\">croissance et innovation<\/strong><span style=\"font-size: revert;color: initial;font-family: -apple-system, BlinkMacSystemFont, 'Segoe UI', Roboto, Oxygen-Sans, Ubuntu, Cantarell, 'Helvetica Neue', sans-serif\">. <\/span>Son engagement envers le <strong data-start=\"216\" data-end=\"242\">bien-\u00eatre des employ\u00e9s<\/strong> et la <strong data-start=\"249\" data-end=\"275\">responsabilit\u00e9 sociale<\/strong> lui a valu de nombreuses distinctions et renforc\u00e9 sa r\u00e9putation d&#8217;<strong data-start=\"342\" data-end=\"364\">employeur de choix<\/strong><\/p>\n\n\n\n<div class=\"flex-1 overflow-hidden @container\/thread translate-y-[2rem] -mt-[2rem] pb-[1.5rem]\">\n<div class=\"flex h-full flex-col overflow-y-auto\">\n<div class=\"flex flex-col text-sm md:pb-9\">\n<article class=\"w-full text-token-text-primary focus-visible:outline-2 focus-visible:outline-offset-[-4px]\" dir=\"auto\" data-testid=\"conversation-turn-193\" data-scroll-anchor=\"true\">\n<div class=\"m-auto text-base py-[18px] px-6\">\n<div class=\"mx-auto flex flex-1 text-base gap-4 md:gap-5 lg:gap-6 md:max-w-3xl lg:max-w-[40rem] xl:max-w-[48rem]\">\n<div class=\"group\/conversation-turn relative flex w-full min-w-0 flex-col agent-turn @xs\/thread:px-0 @sm\/thread:px-1.5 @md\/thread:px-4\">\n<div class=\"flex-col gap-1 md:gap-3\">\n<div class=\"mb-2 flex gap-3 empty:hidden -ml-2\">\n<div class=\"items-center justify-start rounded-xl p-1 flex\">\n<div>\u00a0<\/div>\n<div class=\"flex items-center\"><span style=\"color: initial;font-family: -apple-system, BlinkMacSystemFont, 'Segoe UI', Roboto, Oxygen-Sans, Ubuntu, Cantarell, 'Helvetica Neue', sans-serif;font-size: revert\">Ces \u00e9tudes de cas d\u00e9montrent l&#8217;impact puissant qu&#8217;une marque employeur forte peut avoir sur l&#8217;attraction des meilleurs talents. Favoriser une culture d&#8217;entreprise positive et stimuler la r\u00e9ussite de l&#8217;entreprise.<\/span><\/div>\n<\/div>\n<\/div>\n<\/div>\n<\/div>\n<\/div>\n<\/div>\n<\/article>\n<\/div>\n<\/div>\n<\/div>\n\n\n\n<h2 class=\"wp-block-heading\"><b>D\u00e9fis de l\u2019Employer Branding<\/b><\/h2>\n\n\n\n<div class=\"flex-1 overflow-hidden @container\/thread translate-y-[2rem] -mt-[2rem] pb-[1.5rem]\">\n<div class=\"flex h-full flex-col overflow-y-auto\">\n<div class=\"flex flex-col text-sm md:pb-9\">\n<article class=\"w-full text-token-text-primary focus-visible:outline-2 focus-visible:outline-offset-[-4px]\" dir=\"auto\" data-testid=\"conversation-turn-209\" data-scroll-anchor=\"true\">\n<div class=\"m-auto text-base py-[18px] px-6\">\n<div class=\"mx-auto flex flex-1 text-base gap-4 md:gap-5 lg:gap-6 md:max-w-3xl lg:max-w-[40rem] xl:max-w-[48rem]\">\n<div class=\"group\/conversation-turn relative flex w-full min-w-0 flex-col agent-turn @xs\/thread:px-0 @sm\/thread:px-1.5 @md\/thread:px-4\">\n<div class=\"flex-col gap-1 md:gap-3\">\n<div class=\"flex max-w-full flex-col flex-grow\">\n<div class=\"min-h-8 text-message flex w-full flex-col items-end gap-2 whitespace-normal break-words text-start [.text-message+&amp;]:mt-5\" dir=\"auto\" data-message-author-role=\"assistant\" data-message-id=\"e3be1fd0-16b0-4886-be6d-b14063955083\" data-message-model-slug=\"gpt-4o\">\n<div class=\"flex w-full flex-col gap-1 empty:hidden first:pt-[3px]\">\n<div class=\"markdown prose w-full break-words dark:prose-invert light\">\n<p data-start=\"0\" data-end=\"214\" data-is-last-node=\"\">L\u2019<strong data-start=\"2\" data-end=\"23\">Employer Branding<\/strong> pose des d\u00e9fis : coh\u00e9rence, r\u00e9putation num\u00e9rique et alignement avec la marque d\u2019entreprise. Bien ma\u00eetris\u00e9e, elle renforce l\u2019attractivit\u00e9, la culture d\u2019entreprise et l\u2019avantage concurrentiel.<\/p>\n<\/div>\n<\/div>\n<\/div>\n<\/div>\n<div class=\"mb-2 flex gap-3 empty:hidden -ml-2\">\n<div class=\"flex\">&nbsp;<\/div>\n<\/div>\n<div class=\"pr-2 lg:pr-0\"><span style=\"font-weight: 400\">Vous voulez en savoir plus sur les avantages de travailler chez Iterates? Cet <\/span><a style=\"font-family: -apple-system, BlinkMacSystemFont, 'Segoe UI', Roboto, Oxygen-Sans, Ubuntu, Cantarell, 'Helvetica Neue', sans-serif;font-size: revert\" href=\"https:\/\/www.iterates.be\/fr\/les-avantages-chez-iterates\/\">article<\/a><span style=\"font-weight: 400\"> vous en dit plus.<\/span><\/div>\n<\/div>\n<\/div>\n<\/div>\n<\/div>\n<\/article>\n<\/div>\n<\/div>\n<\/div>\n\n\n\n<p class=\"has-text-align-center\"><a class=\"bouton-orange\" href=\"https:\/\/cal.com\/rodolphebalay\/it-project-meeting-iterates?duration=60\" rel=\"noopener noreferrer\"> Prendre rdv avec nous<\/a><\/p>\n\n\n\n<p><\/p>\n<\/div><!-- .vgblk-rw-wrapper -->","protected":false},"excerpt":{"rendered":"<p>Dans un monde des affaires en constante \u00e9volution, attirer et retenir les meilleurs talents est devenu une priorit\u00e9 essentielle pour les entreprises. L&#8217;image de marque de l&#8217;employeur est un outil puissant qui peut aider les entreprises \u00e0 atteindre cet objectif tout en am\u00e9liorant leur r\u00e9putation et en d\u00e9bloquant le succ\u00e8s. Ce blog se penche sur&#8230;<\/p>\n","protected":false},"author":1,"featured_media":988383,"comment_status":"open","ping_status":"open","sticky":false,"template":"","format":"standard","meta":{"_acf_changed":false,"footnotes":""},"categories":[1193],"tags":[],"class_list":["post-8200","post","type-post","status-publish","format-standard","has-post-thumbnail","hentry","category-digital-et-marketing"],"acf":[],"aioseo_notices":[],"_links":{"self":[{"href":"https:\/\/www.iterates.be\/fr\/wp-json\/wp\/v2\/posts\/8200","targetHints":{"allow":["GET"]}}],"collection":[{"href":"https:\/\/www.iterates.be\/fr\/wp-json\/wp\/v2\/posts"}],"about":[{"href":"https:\/\/www.iterates.be\/fr\/wp-json\/wp\/v2\/types\/post"}],"author":[{"embeddable":true,"href":"https:\/\/www.iterates.be\/fr\/wp-json\/wp\/v2\/users\/1"}],"replies":[{"embeddable":true,"href":"https:\/\/www.iterates.be\/fr\/wp-json\/wp\/v2\/comments?post=8200"}],"version-history":[{"count":0,"href":"https:\/\/www.iterates.be\/fr\/wp-json\/wp\/v2\/posts\/8200\/revisions"}],"wp:featuredmedia":[{"embeddable":true,"href":"https:\/\/www.iterates.be\/fr\/wp-json\/wp\/v2\/media\/988383"}],"wp:attachment":[{"href":"https:\/\/www.iterates.be\/fr\/wp-json\/wp\/v2\/media?parent=8200"}],"wp:term":[{"taxonomy":"category","embeddable":true,"href":"https:\/\/www.iterates.be\/fr\/wp-json\/wp\/v2\/categories?post=8200"},{"taxonomy":"post_tag","embeddable":true,"href":"https:\/\/www.iterates.be\/fr\/wp-json\/wp\/v2\/tags?post=8200"}],"curies":[{"name":"wp","href":"https:\/\/api.w.org\/{rel}","templated":true}]}}